{"id":1118,"date":"2026-04-14T14:35:49","date_gmt":"2026-04-14T17:35:49","guid":{"rendered":"https:\/\/pickapply.com\/soporte\/?p=1118"},"modified":"2026-04-14T14:35:49","modified_gmt":"2026-04-14T17:35:49","slug":"formacion-docente-en-movimiento-un-evento-para-actualizarse-y-abrir-nuevas-oportunidades","status":"publish","type":"post","link":"https:\/\/pickapply.com\/soporte\/formacion-docente-en-movimiento-un-evento-para-actualizarse-y-abrir-nuevas-oportunidades\/","title":{"rendered":"Formaci\u00f3n docente en movimiento: un evento para actualizarse y abrir nuevas oportunidades"},"content":{"rendered":"<p><strong>En un contexto educativo que no deja de transformarse, este encuentro propone un espacio concreto para reflexionar, incorporar nuevas herramientas y potenciar el desarrollo profesional docente.<\/strong><\/p>\n<p>&nbsp;<\/p>\n<p><strong>La necesidad de actualizarse ya no es opcional<\/strong><\/p>\n<p>La educaci\u00f3n est\u00e1 atravesando uno de sus momentos de mayor cambio. Nuevas tecnolog\u00edas, metodolog\u00edas m\u00e1s din\u00e1micas y estudiantes con otras formas de aprender obligan a repensar el rol docente constantemente.<\/p>\n<p>En ese escenario, quedarse solo con la experiencia ya no alcanza. Hoy, <strong>formarse de manera continua es parte del trabajo docente<\/strong>, no un complemento.<\/p>\n<p>Y ah\u00ed es donde aparecen los espacios que realmente suman: los que combinan contenido actual, mirada estrat\u00e9gica y contacto con otros profesionales.<\/p>\n<p>&nbsp;<\/p>\n<p><strong>Un espacio pensado para docentes que quieren ir un paso m\u00e1s all\u00e1<\/strong><\/p>\n<p>Este evento se presenta como una oportunidad para salir de la rutina y conectarse con una mirada m\u00e1s amplia sobre la educaci\u00f3n actual.<\/p>\n<p>La propuesta est\u00e1 orientada a generar:<\/p>\n<ul>\n<li>Reflexi\u00f3n sobre los desaf\u00edos actuales del sistema educativo<\/li>\n<li>Incorporaci\u00f3n de nuevas herramientas y enfoques<\/li>\n<li>Conexi\u00f3n con otros docentes y profesionales del sector<\/li>\n<li>Apertura a nuevas oportunidades laborales y de desarrollo<\/li>\n<\/ul>\n<p>No es solo informaci\u00f3n: es contexto, perspectiva y acci\u00f3n.<\/p>\n<p>&nbsp;<\/p>\n<p><strong>\u00bfA qui\u00e9n est\u00e1 dirigido?<\/strong><\/p>\n<p>El encuentro est\u00e1 pensado para todos aquellos que forman parte \u2014o quieren formar parte\u2014 del \u00e1mbito educativo:<\/p>\n<ul>\n<li>Docentes en ejercicio<\/li>\n<li>Estudiantes de carreras educativas<\/li>\n<li>Profesionales que buscan insertarse en educaci\u00f3n<\/li>\n<li>Equipos directivos o de gesti\u00f3n<\/li>\n<\/ul>\n<p>Es un espacio transversal, donde lo importante no es el nivel en el que trabaj\u00e1s, sino las ganas de seguir creciendo.<\/p>\n<p>&nbsp;<\/p>\n<p><strong>Por qu\u00e9 vale la pena participar<\/strong><\/p>\n<p>Porque en un entorno que cambia r\u00e1pido, <strong>tomar distancia para entender hacia d\u00f3nde va todo es una ventaja<\/strong>.<\/p>\n<p>Participar de este tipo de propuestas permite:<\/p>\n<ul>\n<li>Actualizar la mirada sobre la educaci\u00f3n actual<\/li>\n<li>Incorporar ideas aplicables al aula<\/li>\n<li>Identificar nuevas oportunidades profesionales<\/li>\n<li>Escuchar experiencias reales del sector<\/li>\n<li>Salir del aislamiento y conectar con otros docentes<\/li>\n<\/ul>\n<p>Y sobre todo, hacer algo que muchas veces se posterga: <strong>invertir tiempo en uno mismo como profesional<\/strong>.<\/p>\n<p>&nbsp;<\/p>\n<p><strong>Informaci\u00f3n clave del evento<\/strong><\/p>\n<p>Para conocer todos los detalles, fechas y modalidad de participaci\u00f3n, pod\u00e9s acceder directamente al evento desde el siguiente enlace:<\/p>\n<p><a href=\"https:\/\/www.linkedin.com\/events\/7449856318481362944\/\">https:\/\/www.linkedin.com\/events\/7449856318481362944\/<\/a><\/p>\n<p>&nbsp;<\/p>\n<p><strong>Una decisi\u00f3n chica que puede generar un cambio grande<\/strong><\/p>\n<p>No todos los cambios empiezan con algo enorme. A veces, empiezan con algo simple: anotarse, escuchar, participar.<\/p>\n<p>Este evento es una de esas oportunidades.<\/p>\n<p>Porque en educaci\u00f3n, el que se mueve, crece. Y el que crece\u2026 se posiciona mejor.<\/p>\n<p>&nbsp;<\/p>\n","protected":false},"excerpt":{"rendered":"<p>En un contexto educativo que no deja de transformarse, este encuentro propone un espacio concreto para reflexionar, incorporar nuevas herramientas y potenciar el desarrollo profesional docente. &nbsp; La necesidad de actualizarse ya no es opcional La educaci\u00f3n est\u00e1 atravesando uno de sus momentos de mayor cambio. Nuevas tecnolog\u00edas, metodolog\u00edas m\u00e1s din\u00e1micas y estudiantes con otras&#8230;<\/p>\n","protected":false},"author":3,"featured_media":1119,"comment_status":"open","ping_status":"open","sticky":false,"template":"","format":"standard","meta":{"footnotes":""},"categories":[46,48,75],"tags":[91,92],"class_list":["post-1118","post","type-post","status-publish","format-standard","has-post-thumbnail","hentry","category-noticias-del-sector","category-prensa-y-medios","category-recursos","tag-cepal","tag-observatorio-ia"],"_links":{"self":[{"href":"https:\/\/pickapply.com\/soporte\/wp-json\/wp\/v2\/posts\/1118","targetHints":{"allow":["GET"]}}],"collection":[{"href":"https:\/\/pickapply.com\/soporte\/wp-json\/wp\/v2\/posts"}],"about":[{"href":"https:\/\/pickapply.com\/soporte\/wp-json\/wp\/v2\/types\/post"}],"author":[{"embeddable":true,"href":"https:\/\/pickapply.com\/soporte\/wp-json\/wp\/v2\/users\/3"}],"replies":[{"embeddable":true,"href":"https:\/\/pickapply.com\/soporte\/wp-json\/wp\/v2\/comments?post=1118"}],"version-history":[{"count":1,"href":"https:\/\/pickapply.com\/soporte\/wp-json\/wp\/v2\/posts\/1118\/revisions"}],"predecessor-version":[{"id":1120,"href":"https:\/\/pickapply.com\/soporte\/wp-json\/wp\/v2\/posts\/1118\/revisions\/1120"}],"wp:featuredmedia":[{"embeddable":true,"href":"https:\/\/pickapply.com\/soporte\/wp-json\/wp\/v2\/media\/1119"}],"wp:attachment":[{"href":"https:\/\/pickapply.com\/soporte\/wp-json\/wp\/v2\/media?parent=1118"}],"wp:term":[{"taxonomy":"category","embeddable":true,"href":"https:\/\/pickapply.com\/soporte\/wp-json\/wp\/v2\/categories?post=1118"},{"taxonomy":"post_tag","embeddable":true,"href":"https:\/\/pickapply.com\/soporte\/wp-json\/wp\/v2\/tags?post=1118"}],"curies":[{"name":"wp","href":"https:\/\/api.w.org\/{rel}","templated":true}]}}