{"id":10431,"date":"2026-04-29T18:24:41","date_gmt":"2026-04-29T21:24:41","guid":{"rendered":"https:\/\/pickapply.com\/soporte\/?p=10431"},"modified":"2026-04-29T18:24:41","modified_gmt":"2026-04-29T21:24:41","slug":"el-impacto-de-la-caida-de-la-natalidad-en-los-sistemas-educativos-de-america-latina-un-analisis-actualizado-de-cepal","status":"publish","type":"post","link":"https:\/\/pickapply.com\/soporte\/el-impacto-de-la-caida-de-la-natalidad-en-los-sistemas-educativos-de-america-latina-un-analisis-actualizado-de-cepal\/","title":{"rendered":"El impacto de la ca\u00edda de la natalidad en los sistemas educativos de Am\u00e9rica Latina, un an\u00e1lisis actualizado de CEPAL"},"content":{"rendered":"<p><span style=\"font-weight: 400;\">Am\u00e9rica Latina est\u00e1 atravesando una ca\u00edda de la natalidad sin precedentes. Seg\u00fan un reciente estudio de CEPAL y UNESCO, en 2050 habr\u00e1 1,6 millones de nacimientos menos por a\u00f1o que hoy. Pa\u00edses como Argentina, Costa Rica y Chile ya registran contracciones de matr\u00edcula en los primeros niveles educativos.<\/span><\/p>\n<p>&nbsp;<\/p>\n<p>&nbsp;<\/p>\n<p><a href=\"https:\/\/pickapply.com\/soporte\/wp-content\/uploads\/2026\/04\/nota-3.jpg\"><img fetchpriority=\"high\" decoding=\"async\" class=\"aligncenter wp-image-10432 size-large\" src=\"https:\/\/pickapply.com\/soporte\/wp-content\/uploads\/2026\/04\/nota-3-1024x505.jpg\" alt=\"\" width=\"1020\" height=\"503\" srcset=\"https:\/\/pickapply.com\/soporte\/wp-content\/uploads\/2026\/04\/nota-3-1024x505.jpg 1024w, https:\/\/pickapply.com\/soporte\/wp-content\/uploads\/2026\/04\/nota-3-300x148.jpg 300w, https:\/\/pickapply.com\/soporte\/wp-content\/uploads\/2026\/04\/nota-3-768x379.jpg 768w, https:\/\/pickapply.com\/soporte\/wp-content\/uploads\/2026\/04\/nota-3-360x178.jpg 360w, https:\/\/pickapply.com\/soporte\/wp-content\/uploads\/2026\/04\/nota-3.jpg 1494w\" sizes=\"(max-width: 1020px) 100vw, 1020px\" \/><\/a><\/p>\n<p><span style=\"font-weight: 400;\">La buena noticia: con una anticipaci\u00f3n estrat\u00e9gica del sistema educativo menos estudiantes podr\u00eda significar m\u00e1s recursos por alumno, mejor formaci\u00f3n docente, mayor equidad. Pero esto no ocurre solo.<\/span><\/p>\n<p><span style=\"font-weight: 400;\">El cambio demogr\u00e1fico plantea preguntas que el sector educativo iberoamericano no puede postergar:<\/span><\/p>\n<p><span style=\"font-weight: 400;\">\u2192 \u00bfQu\u00e9 perfil docente necesita una regi\u00f3n que envejece y recibe migrantes?\u00a0<\/span><\/p>\n<p><span style=\"font-weight: 400;\">\u2192 \u00bfC\u00f3mo se reconvierte un sistema formador dise\u00f1ado para otra escala?\u00a0<\/span><\/p>\n<p><span style=\"font-weight: 400;\">\u2192 \u00bfQui\u00e9n articula la respuesta entre instituciones, gobiernos y empleadores?<\/span><\/p>\n<p><span style=\"font-weight: 400;\">El documento de CEPAL reclama planificaci\u00f3n anticipada y estrat\u00e9gica. En REIEF trabajamos para que esa planificaci\u00f3n sea tambi\u00e9n colaborativa y con perspectiva regional.<\/span><\/p>\n<p><span style=\"font-weight: 400;\">El desaf\u00edo demogr\u00e1fico ya comenz\u00f3. La pregunta es si la regi\u00f3n llegar\u00e1 preparada.<\/span><\/p>\n<p><b>El fen\u00f3meno demogr\u00e1fico<\/b><\/p>\n<p><span style=\"font-weight: 400;\">Desde 1950, la regi\u00f3n vive una transici\u00f3n demogr\u00e1fica acelerada: la tasa global de fecundidad cay\u00f3 de 5,8 a 1,8 hijos por mujer, y en la \u00faltima d\u00e9cada esta ca\u00edda se duplic\u00f3 respecto al per\u00edodo anterior, alcanzando su punto cr\u00edtico en 2020 con una reducci\u00f3n del 3,0% en nacimientos durante la pandemia de COVID-19. Para 2050, los nacimientos anuales en la regi\u00f3n ser\u00edan 1,6 millones menos que en 2023 (una ca\u00edda del 18%), y todos los pa\u00edses tendr\u00edan una tasa de fecundidad por debajo del nivel de reemplazo.<\/span><a href=\"https:\/\/repositorio.cepal.org\/server\/api\/core\/bitstreams\/dfe01e71-c9e3-4ad6-b97b-78114736f241\/content\"><span style=\"font-weight: 400;\">\u00a0<\/span><\/a><\/p>\n<p><b>Diferencias entre pa\u00edses<\/b><\/p>\n<p><span style=\"font-weight: 400;\">Argentina (\u221226,4%), Costa Rica (\u221223,0%) y Chile (\u221220,3%) registraron las ca\u00eddas m\u00e1s pronunciadas en el quinquenio 2018\u20132023, mientras que pa\u00edses como Bolivia y Per\u00fa mantuvieron estabilidad, y Colombia u Honduras incluso aumentaron sus nacimientos.<\/span> <span style=\"font-weight: 400;\">Esta heterogeneidad regional es clave para entender que no existe una respuesta educativa \u00fanica.<\/span><\/p>\n<p><b>Impacto en los sistemas educativos<\/b><\/p>\n<p><span style=\"font-weight: 400;\">Ya se observa una contracci\u00f3n de la matr\u00edcula en educaci\u00f3n preprimaria y primaria en los pa\u00edses con ca\u00edda m\u00e1s pronunciada. La regi\u00f3n arrastra adem\u00e1s deudas hist\u00f3ricas: solo el 72% de la poblaci\u00f3n en edad de asistir a preprimaria est\u00e1 escolarizada, y el 41% no completa la secundaria.<\/span><a href=\"https:\/\/repositorio.cepal.org\/server\/api\/core\/bitstreams\/dfe01e71-c9e3-4ad6-b97b-78114736f241\/content\"><span style=\"font-weight: 400;\">\u00a0<\/span><\/a><\/p>\n<p><b>La oportunidad<\/b><\/p>\n<p><span style=\"font-weight: 400;\">\u00a0Los autores concluyen que la disminuci\u00f3n de la matr\u00edcula podr\u00eda liberar recursos para avanzar en calidad, equidad e inclusi\u00f3n, aunque se\u00f1alan que esto no ocurrir\u00e1 de manera autom\u00e1tica y que se requerir\u00e1 mayor inversi\u00f3n p\u00fablica para alcanzar las metas educativas. La clave est\u00e1 en una planificaci\u00f3n anticipada y estrat\u00e9gica que transforme el cambio demogr\u00e1fico en una oportunidad de fortalecimiento del derecho a una educaci\u00f3n inclusiva y de calidad.<\/span><a href=\"https:\/\/repositorio.cepal.org\/server\/api\/core\/bitstreams\/dfe01e71-c9e3-4ad6-b97b-78114736f241\/content\"><span style=\"font-weight: 400;\">\u00a0<\/span><\/a><\/p>\n<p><span style=\"font-weight: 400;\">Art\u00edculo completo: <\/span><a href=\"https:\/\/repositorio.cepal.org\/server\/api\/core\/bitstreams\/dfe01e71-c9e3-4ad6-b97b-78114736f241\/content\"><span style=\"font-weight: 400;\">https:\/\/repositorio.cepal.org\/server\/api\/core\/bitstreams\/dfe01e71-c9e3-4ad6-b97b-78114736f241\/content<\/span><\/a><span style=\"font-weight: 400;\">\u00a0<\/span><\/p>\n<p><span style=\"font-weight: 400;\">El cambio demogr\u00e1fico ya comenz\u00f3. La pregunta no es si los sistemas educativos se van a transformar, sino si lo har\u00e1n de manera reactiva o con inteligencia estrat\u00e9gica.\u00a0<\/span><\/p>\n","protected":false},"excerpt":{"rendered":"<p>Am\u00e9rica Latina est\u00e1 atravesando una ca\u00edda de la natalidad sin precedentes. Seg\u00fan un reciente estudio de CEPAL y UNESCO, en 2050 habr\u00e1 1,6 millones de nacimientos menos por a\u00f1o que hoy. Pa\u00edses como Argentina, Costa Rica y Chile ya registran contracciones de matr\u00edcula en los primeros niveles educativos. &nbsp; &nbsp; La buena noticia: con una&#8230;<\/p>\n","protected":false},"author":3,"featured_media":10433,"comment_status":"open","ping_status":"open","sticky":false,"template":"","format":"standard","meta":{"footnotes":""},"categories":[46],"tags":[91,132,66],"class_list":["post-10431","post","type-post","status-publish","format-standard","has-post-thumbnail","hentry","category-noticias-del-sector","tag-cepal","tag-natalidad","tag-sistemas-educativos"],"_links":{"self":[{"href":"https:\/\/pickapply.com\/soporte\/wp-json\/wp\/v2\/posts\/10431","targetHints":{"allow":["GET"]}}],"collection":[{"href":"https:\/\/pickapply.com\/soporte\/wp-json\/wp\/v2\/posts"}],"about":[{"href":"https:\/\/pickapply.com\/soporte\/wp-json\/wp\/v2\/types\/post"}],"author":[{"embeddable":true,"href":"https:\/\/pickapply.com\/soporte\/wp-json\/wp\/v2\/users\/3"}],"replies":[{"embeddable":true,"href":"https:\/\/pickapply.com\/soporte\/wp-json\/wp\/v2\/comments?post=10431"}],"version-history":[{"count":1,"href":"https:\/\/pickapply.com\/soporte\/wp-json\/wp\/v2\/posts\/10431\/revisions"}],"predecessor-version":[{"id":10434,"href":"https:\/\/pickapply.com\/soporte\/wp-json\/wp\/v2\/posts\/10431\/revisions\/10434"}],"wp:featuredmedia":[{"embeddable":true,"href":"https:\/\/pickapply.com\/soporte\/wp-json\/wp\/v2\/media\/10433"}],"wp:attachment":[{"href":"https:\/\/pickapply.com\/soporte\/wp-json\/wp\/v2\/media?parent=10431"}],"wp:term":[{"taxonomy":"category","embeddable":true,"href":"https:\/\/pickapply.com\/soporte\/wp-json\/wp\/v2\/categories?post=10431"},{"taxonomy":"post_tag","embeddable":true,"href":"https:\/\/pickapply.com\/soporte\/wp-json\/wp\/v2\/tags?post=10431"}],"curies":[{"name":"wp","href":"https:\/\/api.w.org\/{rel}","templated":true}]}}