{"id":10411,"date":"2026-04-21T10:46:33","date_gmt":"2026-04-21T13:46:33","guid":{"rendered":"https:\/\/pickapply.com\/soporte\/?p=10411"},"modified":"2026-04-21T11:34:43","modified_gmt":"2026-04-21T14:34:43","slug":"inteligencia-artificial-en-el-aula-oportunidad-educativa-o-desafio-sin-docentes-preparados","status":"publish","type":"post","link":"https:\/\/pickapply.com\/soporte\/inteligencia-artificial-en-el-aula-oportunidad-educativa-o-desafio-sin-docentes-preparados\/","title":{"rendered":"Inteligencia artificial en el aula: \u00bfoportunidad educativa o desaf\u00edo sin docentes preparados?"},"content":{"rendered":"<p><b><i>Argentina avanza a paso firme en la integraci\u00f3n de IA en sus escuelas. Pero detr\u00e1s del entusiasmo tecnol\u00f3gico hay una pregunta que no puede esperar: \u00bfqui\u00e9nes van a ense\u00f1ar todo esto, y en qu\u00e9 condiciones?<\/i><\/b><\/p>\n<p><span style=\"font-weight: 400;\">La inteligencia artificial dej\u00f3 de ser un tema del futuro para convertirse en una realidad cotidiana dentro de las aulas argentinas. Lo que hasta hace poco generaba debate \u2014\u00bfse permite o se proh\u00edbe el celular en clase?\u2014 hoy da paso a una discusi\u00f3n mucho m\u00e1s profunda: c\u00f3mo integrar herramientas de IA en el proceso de aprendizaje de forma cr\u00edtica, \u00e9tica y pedag\u00f3gicamente significativa. Y el debate ya no es solo normativo. Es urgente.<\/span><\/p>\n<h2><span style=\"font-weight: 400;\">La IA ya est\u00e1 en el aula, aunque nadie la haya invitado<\/span><\/h2>\n<p><span style=\"font-weight: 400;\">Antes de hablar de pol\u00edticas p\u00fablicas, conviene mirar lo que ya est\u00e1 pasando. Seg\u00fan el <\/span><i><span style=\"font-weight: 400;\">Argentina Productivity Report<\/span><\/i><span style=\"font-weight: 400;\"> publicado por OpenAI en octubre de 2025, 1 de cada 3 consultas argentinas a ChatGPT tiene fines educativos o de aprendizaje. Como sostiene el equipo de Auroria, los estudiantes \u2014de secundaria, de terciarios, de universidades\u2014 usan IA para preparar ex\u00e1menes, pedir explicaciones o hacer tareas. Muchas veces, sin supervisi\u00f3n docente y sin ning\u00fan marco institucional que los acompa\u00f1e.<\/span><\/p>\n<p><span style=\"font-weight: 400;\">Para OpenAI, dado el alto uso entre los j\u00f3venes, la combinaci\u00f3n de medidas de protecci\u00f3n y formaci\u00f3n docente puede transformar la experimentaci\u00f3n en el aula en competencias digitales duraderas y \u00fatiles para la inserci\u00f3n laboral.<\/span> <span style=\"font-weight: 400;\">En la nota de Infobae se se\u00f1ala que lo curioso es que el propio informe reconoce ese riesgo pero no ofrece respuestas sobre c\u00f3mo resolverlo. Ese silencio es revelador: el problema de la formaci\u00f3n docente no es tecnol\u00f3gico, es pol\u00edtico y estructural.<\/span><\/p>\n<h2><span style=\"font-weight: 400;\">Experiencias que muestran el camino<\/span><\/h2>\n<p><span style=\"font-weight: 400;\">En medio de ese contexto, algunas iniciativas concretas empiezan a marcar el camino. En la provincia de Tierra del Fuego, el programa EstudIA con Malvina despleg\u00f3 un tutor conversacional basado en IA en los Polos Creativos de Ushuaia, Tolhuin y R\u00edo Grande, en articulaci\u00f3n entre el sector p\u00fablico y privado. Los resultados de su prueba piloto fueron contundentes: 8 de cada 10 alumnos valoraron positivamente la experiencia, con una tasa de finalizaci\u00f3n cercana al 77% y 152 sesiones iniciadas en total, con picos de hasta 50 interacciones en un solo d\u00eda. M\u00e1s del 50% de las interacciones se concentraron en contenidos curriculares concretos \u2014Pueblos Originarios, historia y territorio\u2014 lo que refuerza una idea central: la IA no reemplaza contenidos, sino que puede mejorar la forma en que se accede a ellos.<\/span><\/p>\n<p><span style=\"font-weight: 400;\">Lo que distingue a esta propuesta no es la tecnolog\u00eda en s\u00ed, sino su integraci\u00f3n pedag\u00f3gica. No se ense\u00f1a IA como contenido: se la usa como interfaz. Y el impacto va m\u00e1s all\u00e1 de la experiencia del usuario: cada interacci\u00f3n genera datos sobre c\u00f3mo aprenden los estudiantes, qu\u00e9 temas presentan m\u00e1s dificultad y qu\u00e9 tipo de acompa\u00f1amiento necesitan. Por primera vez, el proceso de aprendizaje puede verse completo, no solo el resultado final.<\/span><\/p>\n<h2><span style=\"font-weight: 400;\">Las pol\u00edticas p\u00fablicas que se est\u00e1n construyendo<\/span><\/h2>\n<p><span style=\"font-weight: 400;\">La Ciudad Aut\u00f3noma de Buenos Aires, pionera en la regi\u00f3n. Tras un largo debate entre especialistas, la Ciudad de Buenos Aires se convirti\u00f3 en la primera jurisdicci\u00f3n de Argentina \u2014y de toda Latinoam\u00e9rica\u2014 en incorporar IA en escuelas p\u00fablicas de secundario, y en 2026 extendi\u00f3 esa iniciativa a la educaci\u00f3n primaria. La herramienta elegida es Gemini, disponible a trav\u00e9s de Google Workspace for Education con cuentas institucionales, filtros de contenido reforzados para menores y sin uso de datos de estudiantes para entrenar modelos p\u00fablicos.<\/span><\/p>\n<p><span style=\"font-weight: 400;\">PaideIA, a nivel federal. El Ministerio de Capital Humano avanza con el Programa Argentino de Innovaci\u00f3n de la Educaci\u00f3n con Inteligencia Artificial, orientado a desarrollar habilidades desde la primaria hasta la secundaria, con tres ejes: pensamiento computacional, aplicaci\u00f3n cr\u00edtica y \u00e9tica de la IA, y formaci\u00f3n en programaci\u00f3n y an\u00e1lisis de datos en el nivel medio. El principio rector es claro: la IA no reemplaza al docente, no es infalible ni neutral.<\/span><\/p>\n<h2><span style=\"font-weight: 400;\">El problema que las pol\u00edticas no est\u00e1n resolviendo: la formaci\u00f3n docente<\/span><\/h2>\n<p><span style=\"font-weight: 400;\">Aqu\u00ed es donde el optimismo debe moderarse. Porque mientras los programas avanzan, la evidencia sobre la situaci\u00f3n real de los docentes argentinos es preocupante.<\/span><\/p>\n<p><span style=\"font-weight: 400;\">Un informe del Observatorio de Argentinos por la Educaci\u00f3n publicado en 2025 analiz\u00f3 la formaci\u00f3n continua de los maestros de grado y encontr\u00f3 que las tem\u00e1ticas m\u00e1s abordadas en las capacitaciones incluyen pedagog\u00eda general (77%), pr\u00e1cticas del lenguaje (69%) y matem\u00e1tica (62%), mientras que el uso pedag\u00f3gico de tecnolog\u00edas queda sistem\u00e1ticamente relegado. El mismo informe se\u00f1ala que la oferta formativa presenta profundas desigualdades en su acceso y calidad, con muchas provincias dependiendo de iniciativas locales \u2014programas provinciales, gremios o fundaciones\u2014 lo que genera una cobertura fragmentada y heterog\u00e9nea.<\/span><a href=\"https:\/\/www.infobae.com\/educacion\/2025\/01\/23\/los-docentes-piden-mayor-formacion-en-alfabetizacion-educacion-inclusiva-y-tecnologia\/\"><span style=\"font-weight: 400;\">\u00a0<\/span><\/a><\/p>\n<p><span style=\"font-weight: 400;\">El dato m\u00e1s duro de ese diagn\u00f3stico es estructural: la falta de datos actualizados sobre el universo docente constituye un obst\u00e1culo central para dise\u00f1ar pol\u00edticas efectivas de formaci\u00f3n continua. La \u00faltima informaci\u00f3n oficial proviene del Censo Nacional del Personal de los Establecimientos Educativos (CENPE) de 2014, cuya actualizaci\u00f3n, prevista para 2024, no se concret\u00f3.<\/span> <span style=\"font-weight: 400;\">No sabemos con precisi\u00f3n cu\u00e1ntos docentes hay, en qu\u00e9 condiciones trabajan ni qu\u00e9 dominio tienen de las herramientas digitales. Y sin ese dato, cualquier pol\u00edtica de formaci\u00f3n en IA est\u00e1 construida sobre arena.<\/span><\/p>\n<p><span style=\"font-weight: 400;\">La percepci\u00f3n social confirma la urgencia. Seg\u00fan una encuesta del Centro de Investigaciones Sociales de la Universidad Argentina de la Empresa (UADE) realizada sobre 1.028 casos en 2025, 7 de cada 10 argentinos consideran imprescindible que los docentes se formen en inteligencia artificial. La percepci\u00f3n colectiva ya reconoci\u00f3 el problema. El sistema educativo, todav\u00eda no termin\u00f3 de procesarlo.<\/span><\/p>\n<h2><span style=\"font-weight: 400;\">Lo que dice la evidencia internacional<\/span><\/h2>\n<p><span style=\"font-weight: 400;\">La preocupaci\u00f3n argentina no es una rareza local: es un s\u00edntoma de una tensi\u00f3n global.<\/span><\/p>\n<p><span style=\"font-weight: 400;\">En el D\u00eda Internacional de la Educaci\u00f3n 2025, la Directora General de la UNESCO, Audrey Azoulay, pidi\u00f3 a los Estados Miembros que inviertan en la formaci\u00f3n de profesores y estudiantes para hacer un buen uso de esta tecnolog\u00eda en la educaci\u00f3n, se\u00f1alando que &#8220;la IA debe complementar, y no reemplazar, las dimensiones humanas y sociales del aprendizaje.&#8221;<\/span><a href=\"https:\/\/exteriores.gob.es\/RepresentacionesPermanentes\/unesco\/es\/Comunicacion\/Noticias\/Paginas\/Articulos\/La-UNESCO-dedica-el-D%C3%ADa-Internacional-de-la-Educaci%C3%B3n-2025-a-la-inteligencia-artificial.aspx\"><span style=\"font-weight: 400;\">\u00a0<\/span><\/a><\/p>\n<p><span style=\"font-weight: 400;\">La UNESCO fue m\u00e1s all\u00e1 de las declaraciones. En 2024 public\u00f3 dos marcos de competencias en materia de IA para estudiantes y docentes, abordando tanto el potencial como los riesgos de la IA para un uso seguro, \u00e9tico, inclusivo y responsable.Desde el<\/span><a href=\"https:\/\/exteriores.gob.es\/RepresentacionesPermanentes\/unesco\/es\/Comunicacion\/Noticias\/Paginas\/Articulos\/La-UNESCO-dedica-el-D%C3%ADa-Internacional-de-la-Educaci%C3%B3n-2025-a-la-inteligencia-artificial.aspx\"> <span style=\"font-weight: 400;\">Ministerio de Asuntos Exteriores de Espa\u00f1a<\/span><\/a><span style=\"font-weight: 400;\"> se\u00f1alan que esos marcos proponen una hoja de ruta de quince bloques de competencias \u2014desde la adquisici\u00f3n b\u00e1sica hasta la creaci\u00f3n de innovaci\u00f3n pedag\u00f3gica\u2014 que los sistemas educativos de cada pa\u00eds deber\u00edan adaptar a sus contextos.<\/span><\/p>\n<p><span style=\"font-weight: 400;\">Pero hay una advertencia que pocas veces se cita: seg\u00fan la UNESCO, solo el 16% de los pa\u00edses cuenta actualmente con pol\u00edticas claras sobre la privacidad en la IA educativa.<\/span> <span style=\"font-weight: 400;\">Argentina, que est\u00e1 entre los m\u00e1s activos en la incorporaci\u00f3n de IA en las aulas, todav\u00eda no integra una regulaci\u00f3n robusta en materia de protecci\u00f3n de datos de estudiantes.<\/span><\/p>\n<p><span style=\"font-weight: 400;\">El enfoque de la UNESCO tambi\u00e9n incluye una cr\u00edtica de fondo que va m\u00e1s all\u00e1 de la regulaci\u00f3n: los modelos ling\u00fc\u00edsticos de IA generativa no deber\u00edan ser utilizados en el aula como fuentes fiables de informaci\u00f3n, porque no lo son. Para lo que s\u00ed sirven es para experimentar reflexivamente sobre ellos, ver qu\u00e9 pueden aportar a la educaci\u00f3n y cu\u00e1les son sus riesgos, y para fortalecer el pensamiento cr\u00edtico al detectar de forma intencional sus prejuicios y sesgos.<\/span> <span style=\"font-weight: 400;\">Esa distinci\u00f3n \u2014entre usar IA como or\u00e1culo y usarla como objeto de an\u00e1lisis cr\u00edtico\u2014 es exactamente la que los docentes necesitan manejar, y es la que menos se ense\u00f1a en los programas de capacitaci\u00f3n actuales.<\/span><\/p>\n<p>&nbsp;<\/p>\n<h2><span style=\"font-weight: 400;\">La nueva brecha no es de dispositivos: es de criterio<\/span><\/h2>\n<p><span style=\"font-weight: 400;\">El riesgo que se viene no es entre quienes tienen acceso a tecnolog\u00eda y quienes no. La conectividad desigual, la falta de dispositivos en muchas escuelas y las diferencias en la formaci\u00f3n docente son factores que inciden directamente en c\u00f3mo, y para qui\u00e9nes, esta tecnolog\u00eda puede marcar una diferencia.<\/span> <span style=\"font-weight: 400;\">Pero la brecha m\u00e1s silenciosa es la del criterio pedag\u00f3gico: entre quienes interact\u00faan con la IA acompa\u00f1ados por un docente formado que les ense\u00f1a a cuestionar, validar y pensar, y quienes aprenden respuestas en lugar de procesos.<\/span><\/p>\n<h2><span style=\"font-weight: 400;\">Por qu\u00e9 esto nos importa en PickApply: n\u00fameros que contrastan realidades, competencias y el futuro del docente<\/span><\/h2>\n<p><span style=\"font-weight: 400;\">El dato del mercado laboral educativo argentino refuerza esta lectura. Nuestro an\u00e1lisis de 964 vacantes y m\u00e1s de 45.000 postulaciones registradas en PickApply entre enero de 2025 y marzo de 2026 muestra que Tecnolog\u00eda, Inform\u00e1tica y Rob\u00f3tica es el \u00e1rea con el desajuste m\u00e1s cr\u00edtico del sistema: 124 vacantes publicadas, pero una mediana de apenas 16 postulantes por puesto \u2014la m\u00e1s baja de todas las categor\u00edas. En nivel secundario, donde se concentra la mayor demanda de docentes de tecnolog\u00eda, esa mediana cae a 15,5. El sistema educativo argentino no est\u00e1 generando suficientes perfiles para una demanda que ya existe y que la agenda de IA va a acelerar.<\/span><\/p>\n<p><span style=\"font-weight: 400;\">En poco tiempo, no saber usar inteligencia artificial ser\u00e1 equivalente a no saber usar internet hace veinte a\u00f1os. La diferencia es que esta transici\u00f3n es mucho m\u00e1s r\u00e1pida y los sistemas educativos tienen menos margen de adaptaci\u00f3n.<\/span><\/p>\n<p><span style=\"font-weight: 400;\">El error es pensar la inteligencia artificial como una materia nueva. Es infraestructura: una capa que redefine c\u00f3mo se aprende y c\u00f3mo se mide el progreso.<\/span><\/p>\n<p><span style=\"font-weight: 400;\">En PickApply lo entendemos as\u00ed desde el principio. Por eso, en noviembre impulsamos el taller <\/span><i><span style=\"font-weight: 400;\">&#8220;Una mirada pr\u00e1ctica para incorporar IA cuidando el pensamiento cr\u00edtico y el rol docente&#8221;<\/span><\/i><span style=\"font-weight: 400;\">, anticip\u00e1ndonos a un debate que hoy est\u00e1 en el centro de la agenda educativa. Y por eso trabajamos todos los d\u00edas para conectar a los profesionales de la educaci\u00f3n con las instituciones que est\u00e1n a la vanguardia de este cambio.<\/span><\/p>\n<p><span style=\"font-weight: 400;\">Nuestra mirada es clara: la IA no viene a reemplazar al docente. Viene a exigirle un rol m\u00e1s estrat\u00e9gico, m\u00e1s humano y m\u00e1s cr\u00edtico que nunca. Las instituciones educativas de primer nivel ya est\u00e1n buscando exactamente ese perfil: profesionales que sepan integrar herramientas digitales con criterio pedag\u00f3gico, que acompa\u00f1en a los alumnos en el uso responsable de la tecnolog\u00eda y que est\u00e9n a la altura de los desaf\u00edos que plantea este nuevo contexto.<\/span><\/p>\n<p><span style=\"font-weight: 400;\">Si sos un profesional de la educaci\u00f3n que quiere trabajar en instituciones que est\u00e1n construyendo el futuro, explor\u00e1 las oportunidades disponibles en PickApply. Porque ese futuro lo construyen las personas correctas, en el lugar correcto.<\/span><\/p>\n<p>&nbsp;<\/p>\n<p><span style=\"font-weight: 400;\">Fuentes:<\/span><\/p>\n<ul>\n<li style=\"font-weight: 400;\" aria-level=\"1\"><span style=\"font-weight: 400;\">OpenAI. <\/span><i><span style=\"font-weight: 400;\">Argentina Productivity Report<\/span><\/i><span style=\"font-weight: 400;\"> (octubre 2025)<\/span><\/li>\n<li style=\"font-weight: 400;\" aria-level=\"1\"><span style=\"font-weight: 400;\">Fundaci\u00f3n UADE \/ CIS. <\/span><i><span style=\"font-weight: 400;\">Educaci\u00f3n e IA: riesgos y proyecciones<\/span><\/i><span style=\"font-weight: 400;\"> (julio 2025)<\/span><\/li>\n<li style=\"font-weight: 400;\" aria-level=\"1\"><span style=\"font-weight: 400;\">Observatorio de Argentinos por la Educaci\u00f3n. <\/span><i><span style=\"font-weight: 400;\">Formaci\u00f3n continua de los maestros de grado<\/span><\/i><span style=\"font-weight: 400;\"> (2025)<\/span><\/li>\n<li style=\"font-weight: 400;\" aria-level=\"1\"><span style=\"font-weight: 400;\">UNESCO. <\/span><i><span style=\"font-weight: 400;\">AI Competency Framework for Teachers<\/span><\/i><span style=\"font-weight: 400;\"> (2024)<\/span><\/li>\n<li style=\"font-weight: 400;\" aria-level=\"1\"><span style=\"font-weight: 400;\">UNESCO. <\/span><i><span style=\"font-weight: 400;\">Gu\u00eda para el uso de IA generativa en educaci\u00f3n e investigaci\u00f3n<\/span><\/i><span style=\"font-weight: 400;\"> (2023)<\/span><\/li>\n<li style=\"font-weight: 400;\" aria-level=\"1\"><span style=\"font-weight: 400;\">Ministerio de Capital Humano. Programa PaideIA (2025)<\/span><\/li>\n<li style=\"font-weight: 400;\" aria-level=\"1\"><span style=\"font-weight: 400;\">Gobierno de la Ciudad de Buenos Aires \/ Infobae (febrero 2026)<\/span><\/li>\n<li style=\"font-weight: 400;\" aria-level=\"1\"><span style=\"font-weight: 400;\">Punto Convergente \/ UCA (septiembre 2025)<\/span><\/li>\n<li style=\"font-weight: 400;\" aria-level=\"1\"><span style=\"font-weight: 400;\">PickApply. <\/span><i><span style=\"font-weight: 400;\">Informe del Mercado Laboral Educativo<\/span><\/i><span style=\"font-weight: 400;\"> (enero 2025 \u2013 marzo 2026)<\/span><\/li>\n<\/ul>\n<p>&nbsp;<\/p>\n","protected":false},"excerpt":{"rendered":"<p>Argentina avanza a paso firme en la integraci\u00f3n de IA en sus escuelas. Pero detr\u00e1s del entusiasmo tecnol\u00f3gico hay una pregunta que no puede esperar: \u00bfqui\u00e9nes van a ense\u00f1ar todo esto, y en qu\u00e9 condiciones? La inteligencia artificial dej\u00f3 de ser un tema del futuro para convertirse en una realidad cotidiana dentro de las aulas&#8230;<\/p>\n","protected":false},"author":3,"featured_media":10412,"comment_status":"open","ping_status":"open","sticky":false,"template":"","format":"standard","meta":{"footnotes":""},"categories":[46],"tags":[79,127,61],"class_list":["post-10411","post","type-post","status-publish","format-standard","has-post-thumbnail","hentry","category-noticias-del-sector","tag-educacion","tag-gemini","tag-ia"],"_links":{"self":[{"href":"https:\/\/pickapply.com\/soporte\/wp-json\/wp\/v2\/posts\/10411","targetHints":{"allow":["GET"]}}],"collection":[{"href":"https:\/\/pickapply.com\/soporte\/wp-json\/wp\/v2\/posts"}],"about":[{"href":"https:\/\/pickapply.com\/soporte\/wp-json\/wp\/v2\/types\/post"}],"author":[{"embeddable":true,"href":"https:\/\/pickapply.com\/soporte\/wp-json\/wp\/v2\/users\/3"}],"replies":[{"embeddable":true,"href":"https:\/\/pickapply.com\/soporte\/wp-json\/wp\/v2\/comments?post=10411"}],"version-history":[{"count":4,"href":"https:\/\/pickapply.com\/soporte\/wp-json\/wp\/v2\/posts\/10411\/revisions"}],"predecessor-version":[{"id":10416,"href":"https:\/\/pickapply.com\/soporte\/wp-json\/wp\/v2\/posts\/10411\/revisions\/10416"}],"wp:featuredmedia":[{"embeddable":true,"href":"https:\/\/pickapply.com\/soporte\/wp-json\/wp\/v2\/media\/10412"}],"wp:attachment":[{"href":"https:\/\/pickapply.com\/soporte\/wp-json\/wp\/v2\/media?parent=10411"}],"wp:term":[{"taxonomy":"category","embeddable":true,"href":"https:\/\/pickapply.com\/soporte\/wp-json\/wp\/v2\/categories?post=10411"},{"taxonomy":"post_tag","embeddable":true,"href":"https:\/\/pickapply.com\/soporte\/wp-json\/wp\/v2\/tags?post=10411"}],"curies":[{"name":"wp","href":"https:\/\/api.w.org\/{rel}","templated":true}]}}