{"id":10301,"date":"2026-04-16T15:59:32","date_gmt":"2026-04-16T18:59:32","guid":{"rendered":"https:\/\/pickapply.com\/soporte\/?p=10301"},"modified":"2026-04-16T16:10:50","modified_gmt":"2026-04-16T19:10:50","slug":"crece-el-ausentismo-escolar-en-argentina-una-senal-de-alerta-que-pone-en-discusion-la-obligatoriedad","status":"publish","type":"post","link":"https:\/\/pickapply.com\/soporte\/crece-el-ausentismo-escolar-en-argentina-una-senal-de-alerta-que-pone-en-discusion-la-obligatoriedad\/","title":{"rendered":"Crece el ausentismo escolar en Argentina: una se\u00f1al de alerta que pone en discusi\u00f3n la obligatoriedad"},"content":{"rendered":"<p><span style=\"font-weight: 400;\">El ausentismo escolar en Argentina dej\u00f3 de ser un dato aislado para convertirse en una tendencia preocupante a nivel nacional. Distintos relevamientos coinciden en un punto cr\u00edtico: una proporci\u00f3n significativa de estudiantes falta a clases con una frecuencia que impacta directamente en sus trayectorias educativas.<\/span><\/p>\n<p><span style=\"font-weight: 400;\">Seg\u00fan un informe de <a href=\"https:\/\/argentinosporlaeducacion.org\/?s=&amp;post_type=informe\">Argentinos por la Educaci\u00f3n<\/a>, <\/span><span style=\"font-weight: 400;\">cerca de la mitad de los estudiantes presenta niveles de ausentismo elevados, superando las dos semanas de inasistencias al a\u00f1o. Este dato, lejos de ser anecd\u00f3tico, plantea un problema estructural que atraviesa todos los niveles educativos y distintas regiones.<\/span><\/p>\n<p>&nbsp;<\/p>\n<p><a href=\"https:\/\/pickapply.com\/soporte\/wp-content\/uploads\/2026\/04\/chart-5.png\"><img fetchpriority=\"high\" decoding=\"async\" class=\"aligncenter wp-image-10304 size-large\" src=\"https:\/\/pickapply.com\/soporte\/wp-content\/uploads\/2026\/04\/chart-5-1024x633.png\" alt=\"\" width=\"1020\" height=\"631\" srcset=\"https:\/\/pickapply.com\/soporte\/wp-content\/uploads\/2026\/04\/chart-5-1024x633.png 1024w, https:\/\/pickapply.com\/soporte\/wp-content\/uploads\/2026\/04\/chart-5-300x185.png 300w, https:\/\/pickapply.com\/soporte\/wp-content\/uploads\/2026\/04\/chart-5-768x475.png 768w, https:\/\/pickapply.com\/soporte\/wp-content\/uploads\/2026\/04\/chart-5-360x223.png 360w, https:\/\/pickapply.com\/soporte\/wp-content\/uploads\/2026\/04\/chart-5.png 1087w\" sizes=\"(max-width: 1020px) 100vw, 1020px\" \/><\/a><\/p>\n<h2><b>Un fen\u00f3meno que crece y se normaliza<\/b><\/h2>\n<p><span style=\"font-weight: 400;\">Lo m\u00e1s inquietante no es solo el aumento del ausentismo, sino su progresiva naturalizaci\u00f3n. Especialistas advierten que se est\u00e1 consolidando una \u201cflexibilizaci\u00f3n\u201d en torno a la asistencia escolar, donde faltar deja de percibirse como una excepci\u00f3n para convertirse en parte del funcionamiento habitual del sistema.<\/span><\/p>\n<p><span style=\"font-weight: 400;\">Este cambio de l\u00f3gica erosiona uno de los pilares hist\u00f3ricos de la educaci\u00f3n: la obligatoriedad. Cuando la presencia en el aula pierde peso simb\u00f3lico y pr\u00e1ctico, el sistema empieza a vaciarse de sentido desde adentro.<\/span><\/p>\n<h2><b>Impacto en el aprendizaje y la continuidad<\/b><\/h2>\n<p><span style=\"font-weight: 400;\">Las consecuencias son directas. Menos d\u00edas en la escuela implican menor exposici\u00f3n a contenidos, menor v\u00ednculo con docentes y pares, y mayores dificultades para sostener el ritmo pedag\u00f3gico.<\/span><\/p>\n<p><span style=\"font-weight: 400;\">El ausentismo reiterado no solo afecta el rendimiento acad\u00e9mico, sino que tambi\u00e9n incrementa el riesgo de desvinculaci\u00f3n definitiva. Es decir, no se trata solo de faltar, sino de lo que esas ausencias anticipan: trayectorias educativas m\u00e1s fr\u00e1giles.<\/span><\/p>\n<h2><b>Factores detr\u00e1s del ausentismo<\/b><\/h2>\n<p><span style=\"font-weight: 400;\">El fen\u00f3meno no responde a una \u00fanica causa. Entre los factores m\u00e1s mencionados aparecen:<\/span><\/p>\n<ul>\n<li style=\"font-weight: 400;\" aria-level=\"1\"><span style=\"font-weight: 400;\">Problemas socioecon\u00f3micos y dificultades familiares<\/span><\/li>\n<li style=\"font-weight: 400;\" aria-level=\"1\"><span style=\"font-weight: 400;\">Falta de motivaci\u00f3n o desconexi\u00f3n con la escuela<\/span><\/li>\n<li style=\"font-weight: 400;\" aria-level=\"1\"><span style=\"font-weight: 400;\">Problemas de salud f\u00edsica y emocional<\/span><\/li>\n<li style=\"font-weight: 400;\" aria-level=\"1\"><span style=\"font-weight: 400;\">Climas institucionales poco atractivos o poco contenidos<\/span><\/li>\n<li style=\"font-weight: 400;\" aria-level=\"1\"><span style=\"font-weight: 400;\">Cambios culturales en la valoraci\u00f3n de la asistencia<\/span><\/li>\n<\/ul>\n<p><span style=\"font-weight: 400;\">Esta combinaci\u00f3n genera un escenario complejo, donde la soluci\u00f3n no puede ser \u00fanicamente normativa, sino tambi\u00e9n pedag\u00f3gica y social.<\/span><\/p>\n<h2><b>Una discusi\u00f3n de fondo: \u00bfQu\u00e9 significa hoy \u201cir a la escuela\u201d?<\/b><\/h2>\n<p><span style=\"font-weight: 400;\">El crecimiento del ausentismo abre una pregunta inc\u00f3moda pero necesaria: \u00bfQu\u00e9 representa hoy la escuela para los estudiantes?<\/span><\/p>\n<p><span style=\"font-weight: 400;\">Cuando la asistencia pierde relevancia, el desaf\u00edo no es solo exigir presencia, sino reconstruir el valor de estar en el aula. Esto implica repensar pr\u00e1cticas, propuestas educativas y formas de vinculaci\u00f3n.<\/span><\/p>\n<p><span style=\"font-weight: 400;\">No alcanza con que la escuela sea obligatoria en t\u00e9rminos legales; necesita ser significativa en t\u00e9rminos reales.<\/span><\/p>\n<h2><b>Por qu\u00e9 esto tambi\u00e9n es un tema clave para PickApply<\/b><\/h2>\n<p><span style=\"font-weight: 400;\">Desde nuestra mirada en <a href=\"https:\/\/argentina.pickapply.com\/home\">PickApply<\/a>, este fen\u00f3meno no es ajeno: es central.<\/span><\/p>\n<p><span style=\"font-weight: 400;\">El ausentismo impacta directamente en la calidad del sistema educativo, y eso se traduce en un desaf\u00edo concreto para las instituciones: <\/span><b>c\u00f3mo atraer, formar y sostener equipos docentes capaces de generar mayor compromiso y pertenencia en los estudiantes.<\/b><\/p>\n<p><span style=\"font-weight: 400;\">Hoy m\u00e1s que nunca, las escuelas necesitan profesionales que no solo ense\u00f1en contenidos, sino que construyan v\u00ednculos, motiven y den sentido a la experiencia educativa.<\/span><\/p>\n<p><span style=\"font-weight: 400;\"><a href=\"https:\/\/argentina.pickapply.com\/home\">PickApply<\/a> no interviene en la selecci\u00f3n ni reemplaza el criterio institucional, pero s\u00ed <\/span><b>facilita el encuentro entre instituciones y docentes<\/b><span style=\"font-weight: 400;\">, ayudando a que cada escuela encuentre perfiles alineados con su proyecto educativo.<\/span><\/p>\n<p><span style=\"font-weight: 400;\">Porque si queremos reducir el ausentismo, la conversaci\u00f3n no puede quedarse solo en los alumnos.<\/span><\/p>\n<p><span style=\"font-weight: 400;\">Tambi\u00e9n tiene que empezar por quienes est\u00e1n todos los d\u00edas en el aula.<\/span><\/p>\n<p>&nbsp;<\/p>\n<p><span style=\"font-weight: 400;\">FUENTES:\u00a0<\/span><\/p>\n<p><a href=\"https:\/\/argentinosporlaeducacion.org\/informe\/ausentismo-que-sabemos-acerca-de-cuanto-faltan-los-estudiantes-de-secundaria\/\">INFORME ARGENTINOS POR LA EDUCACION<\/a><\/p>\n<p>&nbsp;<\/p>\n<p>&nbsp;<\/p>\n","protected":false},"excerpt":{"rendered":"<p>El ausentismo escolar en Argentina dej\u00f3 de ser un dato aislado para convertirse en una tendencia preocupante a nivel nacional. Distintos relevamientos coinciden en un punto cr\u00edtico: una proporci\u00f3n significativa de estudiantes falta a clases con una frecuencia que impacta directamente en sus trayectorias educativas. Seg\u00fan un informe de Argentinos por la Educaci\u00f3n, cerca de&#8230;<\/p>\n","protected":false},"author":3,"featured_media":10303,"comment_status":"open","ping_status":"open","sticky":false,"template":"","format":"standard","meta":{"footnotes":""},"categories":[46],"tags":[126,125],"class_list":["post-10301","post","type-post","status-publish","format-standard","has-post-thumbnail","hentry","category-noticias-del-sector","tag-argentinos-por-la-educacion","tag-ausentismo"],"_links":{"self":[{"href":"https:\/\/pickapply.com\/soporte\/wp-json\/wp\/v2\/posts\/10301","targetHints":{"allow":["GET"]}}],"collection":[{"href":"https:\/\/pickapply.com\/soporte\/wp-json\/wp\/v2\/posts"}],"about":[{"href":"https:\/\/pickapply.com\/soporte\/wp-json\/wp\/v2\/types\/post"}],"author":[{"embeddable":true,"href":"https:\/\/pickapply.com\/soporte\/wp-json\/wp\/v2\/users\/3"}],"replies":[{"embeddable":true,"href":"https:\/\/pickapply.com\/soporte\/wp-json\/wp\/v2\/comments?post=10301"}],"version-history":[{"count":6,"href":"https:\/\/pickapply.com\/soporte\/wp-json\/wp\/v2\/posts\/10301\/revisions"}],"predecessor-version":[{"id":10406,"href":"https:\/\/pickapply.com\/soporte\/wp-json\/wp\/v2\/posts\/10301\/revisions\/10406"}],"wp:featuredmedia":[{"embeddable":true,"href":"https:\/\/pickapply.com\/soporte\/wp-json\/wp\/v2\/media\/10303"}],"wp:attachment":[{"href":"https:\/\/pickapply.com\/soporte\/wp-json\/wp\/v2\/media?parent=10301"}],"wp:term":[{"taxonomy":"category","embeddable":true,"href":"https:\/\/pickapply.com\/soporte\/wp-json\/wp\/v2\/categories?post=10301"},{"taxonomy":"post_tag","embeddable":true,"href":"https:\/\/pickapply.com\/soporte\/wp-json\/wp\/v2\/tags?post=10301"}],"curies":[{"name":"wp","href":"https:\/\/api.w.org\/{rel}","templated":true}]}}